{"id":29498,"date":"2024-06-10T23:28:52","date_gmt":"2024-06-10T20:28:52","guid":{"rendered":"https:\/\/tr.dasakademie.com\/?p=29498"},"modified":"2025-12-11T22:44:54","modified_gmt":"2025-12-11T19:44:54","slug":"yigit-gunal-ile-almanyada-calisma-uzerine-guzel-bir-sohbet","status":"publish","type":"post","link":"https:\/\/tr.dasakademie.com\/tr\/yigit-gunal-ile-almanyada-calisma-uzerine-guzel-bir-sohbet\/","title":{"rendered":"Yi\u011fit G\u00fcnal ile Almanya&#8217;da \u00c7al\u0131\u015fma \u00dczerine G\u00fczel Bir Sohbet"},"content":{"rendered":"\t\t<div data-elementor-type=\"wp-post\" data-elementor-id=\"29498\" class=\"elementor elementor-29498\" data-elementor-post-type=\"post\">\n\t\t\t\t\t\t<section data-particle_enable=\"false\" data-particle-mobile-disabled=\"false\" class=\"elementor-section elementor-top-section elementor-element elementor-element-454c52f1 elementor-section-boxed elementor-section-height-default elementor-section-height-default wpr-particle-no wpr-jarallax-no wpr-parallax-no wpr-sticky-section-no\" data-id=\"454c52f1\" data-element_type=\"section\" data-e-type=\"section\">\n\t\t\t\t\t\t<div class=\"elementor-container elementor-column-gap-default\">\n\t\t\t\t\t<div class=\"elementor-column elementor-col-100 elementor-top-column elementor-element elementor-element-42e3c063\" data-id=\"42e3c063\" data-element_type=\"column\" data-e-type=\"column\">\n\t\t\t<div class=\"elementor-widget-wrap elementor-element-populated\">\n\t\t\t\t\t\t<div class=\"elementor-element elementor-element-5a570f1a elementor-widget elementor-widget-text-editor\" data-id=\"5a570f1a\" data-element_type=\"widget\" data-e-type=\"widget\" data-widget_type=\"text-editor.default\">\n\t\t\t\t<div class=\"elementor-widget-container\">\n\t\t\t\t\t\t\t\t\t<p>De\u011ferli DAS Zeitung okuyucular\u0131, bu yaz\u0131m\u0131zda, Edukraft firmas\u0131 kurucusu ve Almanya\u2019da \u00e7al\u0131\u015fma, ya\u015fam ve e\u011fitim dan\u0131\u015fmanl\u0131\u011f\u0131 alan\u0131nda say\u0131l\u0131 uzmanlardan olan Sn. Yi\u011fit G\u00fcnal\u2019\u0131 konuk ediyoruz. Ho\u015f geldiniz Yi\u011fit Bey.<\/p><p>Yi\u011fit G\u00fcnal: Ho\u015f buldum. \u00d6ncelikle DAS Akademie\u2019ye bu g\u00fczel r\u00f6portaj f\u0131rsat\u0131 i\u00e7in te\u015fekk\u00fcr ediyorum. Uzun y\u0131llard\u0131r idol olarak ald\u0131\u011f\u0131m DAS Akademie\u2019nin kurucusu Nilg\u00fcn Akdo\u011fan\u2019a ayr\u0131ca te\u015fekk\u00fcr ederim. Kendisini uzun zamand\u0131r tan\u0131yorum, takip ediyorum ve \u00f6rnek al\u0131yorum. Ayr\u0131ca Nilg\u00fcn Han\u0131m ile \u00e7al\u0131\u015fan b\u00fct\u00fcn ekibin tamam\u0131 k\u0131ymetli insanlardan olu\u015fur, hepsini \u00e7ok seviyorum. Y\u0131llar \u00f6nce yine b\u00f6yle bir r\u00f6portaj i\u00e7in bir araya gelmi\u015ftik ve \u00e7ok keyif alm\u0131\u015ft\u0131m, \u015fimdi bunu tekrarlamak bizim i\u00e7in de \u00e7ok \u00e7ok g\u00fczel. Sorular\u0131 yan\u0131tlayarak ba\u015flamak isterim.<\/p><h2>\u015eu an en \u00e7ok duydu\u011fumuz \u00e7al\u0131\u015fan grubu olarak, sa\u011fl\u0131k sekt\u00f6r\u00fcnde yer alan hangi meslek gruplar\u0131 Almanya\u2019ya giderek orada \u00e7al\u0131\u015fmakla daha fazla ilgileniyor?<\/h2><p>Ba\u015fta a\u011f\u0131rl\u0131kl\u0131 olarak hem\u015fireler ve fizyoterapistler diyebilirim. Tabii ki di\u011fer meslek gruplar\u0131 da var. \u00d6rne\u011fin doktorlar, radyoloji teknikerleri, ebeler, ameliyathane teknikerleri, anestezi teknikerleri, ATT, paramedik gibi mesleklerden \u00e7al\u0131\u015fanlar da Almanya\u2019y\u0131 tercih etmektedir.<\/p><h2>Sa\u011fl\u0131k sekt\u00f6r\u00fcnde \u00e7al\u0131\u015fanlar i\u00e7in Almanya\u2019n\u0131n sundu\u011fu imkanlar neler?<\/h2><p>Almanya herkese e\u015fit imkanlar sunmaya \u00e7al\u0131\u015fan sosyal bir devlettir.\u00a0 \u0130htiya\u00e7tan dolay\u0131 \u00f6zellikle sa\u011fl\u0131k sekt\u00f6r\u00fc i\u00e7in bir avantaj sunuluyor: \u00c7ok fazla i\u015f imk\u00e2n\u0131 olmas\u0131\u2026 Sa\u011fl\u0131k sekt\u00f6r\u00fc \u00e7al\u0131\u015fanlar\u0131 \u00e7ok kolay i\u015f bulabiliyorlar. \u00a0Kazan\u00e7 anlam\u0131nda da iyi noktadalar diyebiliriz. Standart bir \u00e7al\u0131\u015fma hayat\u0131 ile ortalama ve ortalama \u00fcst\u00fc bir ya\u015fam m\u00fcmk\u00fcn olmakta. Almanya\u2019da \u00e7al\u0131\u015fman\u0131n en cazip yan\u0131 bu diyebiliriz. Size ne \u00e7ok fakir olma endi\u015fesi ne de b\u00fcy\u00fck zenginlik umutlar\u0131 da\u011f\u0131tan bir yer de\u011fil. Herkesin her \u015feye eri\u015febilmesi hedefleniyor. Bu durum tabii ki sa\u011fl\u0131k sekt\u00f6r\u00fc \u00e7al\u0131\u015fanlar\u0131 i\u00e7in de ge\u00e7erli. Bu da onlar i\u00e7in b\u00fcy\u00fck huzur ve g\u00fcven sa\u011flamaktad\u0131r. Sunulan imkanlar\u0131n en ba\u015f\u0131nda bunlar gelmektedir.<\/p><h2>Almanya\u2019da \u00e7al\u0131\u015fmak i\u00e7in neler gerekiyor?<\/h2><p>Dil bilmek, sab\u0131r ve b\u00fcrokrasiyi a\u015fmak\u2026 Bu \u00fc\u00e7 maddeyi s\u0131ralayabilirim. \u00d6ncelikle sa\u011fl\u0131k sekt\u00f6r\u00fc i\u00e7in Almanca bilgisi olmazsa olmazlar aras\u0131nda. T\u00fcrkiye\u2019de iken B1 veya m\u00fcmk\u00fcnse B2 seviyesine ula\u015fmak gerekiyor. Yasal s\u00fcre\u00e7 anlam\u0131nda B1 zorunluluk, B2 ise denklik s\u00fcre\u00e7lerinde gerekiyor. Sab\u0131r \u00e7ok \u00f6nemli \u00e7\u00fcnk\u00fc dili \u00f6\u011frenmek tamamen sab\u0131r i\u015fi, konsolosluktan randevu almak sab\u0131r i\u015fi, sonra vizeyi beklemek de sab\u0131r i\u015fi\u2026 Yeni bir \u00fclkeye uyum sa\u011flamak ve b\u00fct\u00fcn bu b\u00fcrokrasiyi a\u015fmak sab\u0131rla oluyor.<\/p><p>Biz burada Edukraft olarak uzun y\u0131llard\u0131r her s\u00fcre\u00e7te hem sa\u011fl\u0131k \u00e7al\u0131\u015fanlar\u0131 i\u00e7in hem di\u011fer meslek gruplar\u0131 i\u00e7in, hem de \u00f6\u011frenciler i\u00e7in destek sa\u011fl\u0131yoruz. Hem Almanya\u2019da hem de T\u00fcrkiye\u2019de ekiplerimiz var. 11 y\u0131ld\u0131r bu i\u015fin i\u00e7indeyiz, \u00e7ok fazla s\u00fcrecin i\u00e7inde yer ald\u0131k. T\u00fcm bu tecr\u00fcbenin \u0131\u015f\u0131\u011f\u0131nda, bilgiyi sadele\u015ftirdi\u011fimizde dil bilmek ve b\u00fcrokrasiyi a\u015fmak \u00f6ne \u00e7\u0131k\u0131yor. Bunlar Almanya\u2019da \u00e7al\u0131\u015fmak i\u00e7in gereken ba\u015fl\u0131ca \u015feylerdir. B\u00fcrokratik i\u015fler, evrak i\u015fleri vs. gibi konular\u0131 anlatmak r\u00f6portaj kapsam\u0131na s\u0131\u011facak konular de\u011fil. Bunlar\u0131n hepsi ile ilgili olarak sitemiz edukraft.de gerekli bilgileri sa\u011flamaktad\u0131r. Ayr\u0131ca kendi Instagram hesab\u0131ma @gunalyigit adresinden ula\u015f\u0131labilirken , Youtube kanal\u0131m\u0131za da Yi\u011fit G\u00fcnal ismiyle eri\u015filebilmektedir. Bu kanallarda s\u00fcrekli bu konularla ilgili i\u00e7erik \u00fcretmekteyiz, bu mecralar\u0131 da takip edebilirsiniz.<\/p><h2>DAS Zeitung: Almanya\u2019ya \u00e7al\u0131\u015fmaya gidenlerin \u00fclkeye adaptasyonu nas\u0131l sa\u011flan\u0131yor?<\/h2><p>\u00dclkeye otomatik olarak adapte oluyorsunuz asl\u0131nda. Art\u0131k gitmek isteyen herkes bir \u00f6n ara\u015ft\u0131rma yapma f\u0131rsat\u0131 elde ediyor. Instagram ve Youtube gibi kanallarda \u00e7ok fazla bilgi var. \u0130nsanlar bu sayede bir\u00e7ok \u015feye h\u00e2kim olarak Almanya\u2019ya geliyor. Bir ki\u015fiyi do\u011fru i\u015fe ve do\u011fru \u015fehre y\u00f6nlendirmek, gitti\u011finde de bir s\u00fcre destek olmak \u00f6nemli. Biz Edukraft olarak bunu yapmaya \u00e7al\u0131\u015f\u0131yoruz. Hi\u00e7 kimseye ba\u011flay\u0131c\u0131 s\u00f6zle\u015fmeler yapt\u0131rm\u0131yoruz. B\u00f6ylece zorunlu uyulmas\u0131 gereken k\u0131s\u0131tlamalar olu\u015fmuyor, belli bir s\u00fcre bir yerde \u00e7al\u0131\u015fmak, belli bir maa\u015f kesintisine raz\u0131 olmak gibi\u2026 Almanya\u2019ya gelecek ki\u015filer \u00e7ocuklar\u0131 ve aileleriyle oraya geliyor olabilirler. \u00c7ocuklar\u0131n\u0131n okulu, e\u015flerinin i\u015fleri sebebiyle veya ba\u015fka bir sebeple ya\u015fad\u0131klar\u0131 \u015fehri ve i\u015fi de\u011fi\u015ftirmek isteyebilirler. Zorunluluklar\u0131n ortadan kalkmas\u0131 onlara \u00f6zg\u00fcrl\u00fck veriyor ve b\u00f6ylece adaptasyon s\u00fcreci de h\u0131zlan\u0131yor.<\/p><p>Dil bilmek de adaptasyon anlam\u0131nda olduk\u00e7a \u00f6nemli bir fakt\u00f6r. Belli bir seviye dil bilmek i\u015fi kolayla\u015ft\u0131r\u0131yor. \u00d6rne\u011fin yaz\u0131l\u0131mc\u0131lar sadece \u0130ngilizce bilerek gidebiliyor genellikle. Onlar Berlin gibi bir \u015fehirdeyseler \u00e7ok zorluk \u00e7ekmiyor ama ba\u015fka \u015fehirlerde \u00e7e\u015fitli zorluklar olu\u015fabiliyor. S\u00f6z konusu \u00fclke Almanya oldu\u011fu i\u00e7in en yayg\u0131n konu\u015fulan dil de do\u011fal olarak Almanca. Sorular\u0131n\u0131z oldu\u011funda size hemen bir maille cevap verebilecek birilerinin olmas\u0131 \u00e7ok faydal\u0131. Bu \u015fartlar ger\u00e7ekle\u015fti\u011finde sorunsuz bir adaptasyon s\u00fcreci yarat\u0131l\u0131yor.<\/p><h2>Almanya\u2019da \u00e7al\u0131\u015fman\u0131n avantajlar\u0131 ve cazip y\u00f6nleri nelerdir?<\/h2><p>Almanya\u2019n\u0131n sosyal bir devlet olmas\u0131 ve ortalama bir \u00e7al\u0131\u015fma hayat\u0131 ile size sunduklar\u0131 oray\u0131 cazip k\u0131l\u0131yor. Almanya D\u00fcnya\u2019da \u00fc\u00e7\u00fcnc\u00fc Avrupa\u2019da ise en iyi ekonomiye sahip \u00fclke\u2026 Avrupa\u2019da s\u0131n\u0131rs\u0131z dola\u015fma hakk\u0131n\u0131n da sa\u011flanmas\u0131 olduk\u00e7a avantajl\u0131. \u00c7ok k\u00fclt\u00fcrl\u00fc bir ortamda deneyim kazanma f\u0131rsat\u0131 da cazip bir y\u00f6n. Yeni \u00e7\u0131kan Alman yasalar\u0131 ile vatanda\u015fl\u0131k ve \u00e7ifte vatanda\u015fl\u0131k alabilme imkanlar\u0131 daha k\u0131sa zamanda ger\u00e7ekle\u015fiyor. T\u00fcrk vatanda\u015fl\u0131\u011f\u0131ndan vazge\u00e7meden 5 y\u0131l i\u00e7erisinde, baz\u0131 \u00f6zel durumlarda 3 y\u0131l i\u00e7erisinde Alman vatanda\u015fl\u0131\u011f\u0131 alabiliyorsunuz ve bu, d\u00fcnyadaki di\u011fer \u00fclkelerle k\u0131yasland\u0131\u011f\u0131nda olduk\u00e7a h\u0131zl\u0131 bir s\u00fcre\u00e7. D\u00fcnyan\u0131n en g\u00fc\u00e7l\u00fc pasaportlar\u0131ndan birine sahip olmak i\u00e7in k\u0131sa bir s\u00fcre. Yine yeni g\u00f6\u00e7 yasalar\u0131yla mavi kart ve benzeri vizeler i\u00e7in b\u00fct\u00fcn meslek gruplar\u0131nda \u00e7ok fazla kolayl\u0131k sa\u011flan\u0131yor. Almanya\u2019da \u00e7al\u0131\u015fman\u0131n cazip y\u00f6nleri aras\u0131nda t\u00fcm bunlar \u00f6ne \u00e7\u0131k\u0131yor diyebiliriz. T\u00fcrkler 60 y\u0131ld\u0131r Almanya\u2019da yo\u011fun olarak ya\u015f\u0131yor ve k\u00fclt\u00fcrel olarak bir yak\u0131nl\u0131k s\u00f6z konusu. Bu durum da T\u00fcrklerin adaptasyonunu h\u0131zland\u0131r\u0131yor. \u015eu an akl\u0131ma gelmeyen say\u0131s\u0131z avantaj var, bu nedenle de Almanya\u2019ya \u00e7ok fazla da talep var. \u0130lk g\u00f6\u00e7 eden nesil \u00e7ok s\u0131k\u0131nt\u0131lar \u00e7ekti, oras\u0131 gurbet olarak g\u00f6r\u00fcl\u00fcrd\u00fc. Fakat \u015fimdi art\u0131k her \u015fey \u00e7ok daha kolay. \u00dclkemize gidip gelmemiz, g\u00f6r\u00fcnt\u00fcl\u00fc telefonlar ile ileti\u015fim kurmam\u0131z art\u0131k daha kolay hale geldi.<\/p><h2>Almanya\u2019da ya\u015fam, k\u00fclt\u00fcrel ve sosyal olarak nas\u0131ld\u0131r?<\/h2><p>T\u00fcrkiye\u2019de al\u0131\u015f\u0131k oldu\u011fumuzun biraz d\u0131\u015f\u0131nda diyebiliriz. Almanya i\u00e7in T\u00fcrkiye kadar c\u0131v\u0131l c\u0131v\u0131l olmad\u0131\u011f\u0131, sokaklar \u00e7ok sakin, pazarlar\u0131 k\u00f6t\u00fc ge\u00e7iyor, T\u00fcrkiye gibi canl\u0131 de\u011fil gibi ele\u015ftiriler yap\u0131l\u0131yor.\u00a0 Bu ele\u015ftiriler ger\u00e7ek fakat Almanya T\u00fcrkiye gibi bir yer de\u011fil. Oraya farkl\u0131 bir yer olarak bakmak, \u00f6yle de\u011ferlendirmek gerek. \u00d6rnek olarak bizi ele al\u0131rsak Almanya\u2019da hi\u00e7 s\u0131k\u0131lm\u0131yoruz, \u00e7\u00fcnk\u00fc \u00e7ok \u00e7al\u0131\u015f\u0131yoruz, bo\u015f vaktimiz az oluyor ve hem yabanc\u0131 hem T\u00fcrk arkada\u015flar\u0131m\u0131z var, aktivitelere f\u0131rsat bulduk\u00e7a kat\u0131l\u0131yoruz. Bizim s\u0131k\u0131lma gibi bir vaktimiz olmuyor. Pazar g\u00fcnleri AVM\u2019ye gidemiyoruz ama zaten orada b\u00f6yle bir k\u00fclt\u00fcr yok. Bunun yerine biz de Pazar g\u00fcnleri ormanda y\u00fcr\u00fcy\u00fc\u015f yap\u0131yoruz. \u00c7ok canl\u0131 bir yerde vakit ge\u00e7irmek istersek, a\u00e7\u0131k yerler var ve oralar\u0131 tercih ediyoruz.\u00a0 Hollanda \u00e7ok yak\u0131n, diledi\u011fimizde oraya ge\u00e7iyoruz. Ya\u015fam tabii ki k\u00fclt\u00fcrel ve sosyal olarak T\u00fcrkiye\u2019den farkl\u0131, bunu kabul edersek T\u00fcrkiye\u2019deki imkanlar\u0131n ayn\u0131n\u0131 beklemezsek, plan yaparak hayat\u0131m\u0131z\u0131 biraz daha canl\u0131 hale getirebilirsek, oran\u0131n kendi k\u00fclt\u00fcr\u00fcn\u00fc de ya\u015famaya \u00e7al\u0131\u015f\u0131rsak i\u015fi dengelemi\u015f oluyoruz. Her \u015fey asl\u0131nda denge meselesi. Bir Alman da T\u00fcrkiye\u2019ye geldi\u011finde burada ona her \u015fey \u00e7ok farkl\u0131 gelecektir. O da zaman zaman yaln\u0131zl\u0131k ve sakinlik isteyecektir, ama mutlu olmak i\u00e7in biraz da buraya uyum sa\u011flamas\u0131 gerekir. Biz de Almanya\u2019da hem kendi k\u00fclt\u00fcr\u00fcm\u00fcz\u00fc ya\u015fatmaya \u00e7al\u0131\u015f\u0131yoruz hem de oran\u0131n ba\u015fka bir yer oldu\u011funu kabul ederek oran\u0131n g\u00fczelliklerini de ya\u015famaya \u00e7al\u0131\u015f\u0131yoruz. G\u00f6\u00e7 eden herkese de bunu tavsiye ederim.<\/p><h2>Almanya di\u011fer Avrupa Birli\u011fi \u00fcyelerine g\u00f6re ya\u015fam\u0131n daha pahal\u0131 oldu\u011fu bir \u00fclke midir?<\/h2><p>Avrupa\u2019da baz\u0131 \u015feylerin daha ucuz oldu\u011fu yerler vard\u0131r. Fakat Almanya\u2019n\u0131n ekonomisi iyidir ve ya\u015fam kalitesinin iyi oldu\u011fu nadir yerlerdendir. Kald\u0131 ki Almanya\u2019daki son enflasyon art\u0131\u015flar\u0131 olduk\u00e7a y\u00fcksek olsa bile, hala herkes bir\u00e7ok \u015feye \u00e7ok kolay eri\u015febiliyor. Avrupa Birli\u011fi i\u00e7erisinde ekonomik anlamda ya\u015faman\u0131n en mant\u0131kl\u0131 oldu\u011fu \u00fclke diyebilirim. Almanya\u2019n\u0131n Avrupa Birli\u011fi \u00fclkeleri i\u00e7erisinde lokomotif ve \u00f6nc\u00fc g\u00f6revi g\u00f6rd\u00fc\u011f\u00fcn\u00fc d\u00fc\u015f\u00fcn\u00fcyorum. Bu da ekonomiden dolay\u0131 ya\u015famay\u0131 daha cazip k\u0131l\u0131yor.<\/p><h2>\u00c7al\u0131\u015fanlara nas\u0131l bir vergi sistemi uygulan\u0131yor?<\/h2><p>Ki\u015finin ya\u015fad\u0131\u011f\u0131 eyalete, maa\u015f\u0131na, e\u015finin \u00e7al\u0131\u015f\u0131p \u00e7al\u0131\u015fmad\u0131\u011f\u0131na g\u00f6re de\u011fi\u015fiklik g\u00f6sterir. Bu alanda da son zamanlarda baz\u0131 g\u00fcncellemeler yap\u0131ld\u0131. Bu konular\u0131 \u00e7ok yak\u0131ndan takip etmek gerek. Almanya\u2019daki vergi sisteminin \u00e7ok avantaj\u0131 var. Fakat bu konuya h\u00e2kim olmak gerekiyor. \u0130ki e\u015f de \u00e7al\u0131\u015f\u0131yorsa kesintiler daha y\u00fcksek oluyor, bekarsan\u0131z biraz daha farkl\u0131. Almanya\u2019da vergi sistemi oraya \u00e7al\u0131\u015fmaya gitmeden ara\u015ft\u0131r\u0131lmas\u0131 gereken bir konu. Gerekirse bir vergi uzman\u0131ndan da destek al\u0131nabilir. \u00c7al\u0131\u015fanlar i\u00e7in sistem neyse asl\u0131nda o i\u015fliyor ama \u015firket kuruyorsan\u0131z durum farkl\u0131. Edukraft olarak yine uzun y\u0131llard\u0131r \u015firket kurulu\u015flar\u0131 yap\u0131yoruz, her \u00f6l\u00e7ekte \u015firket i\u00e7in\u2026 \u015eube ve GmbH \u015feklinde \u015firket a\u00e7\u0131l\u0131\u015flar\u0131m\u0131z oluyor. Buralarda vergi sistemi \u00e7ok \u00f6nemli rol oynuyor. Neleri gider, neleri gelir g\u00f6sterebilirsiniz, nas\u0131l avantajlar sa\u011flanm\u0131\u015f, bunlara h\u00e2kim olmak laz\u0131m. Uygun bir vergi dan\u0131\u015fman\u0131n\u0131 bulmak da bu s\u00fcre\u00e7te \u00e7ok kritik. Buna da Edukraft olarak destek oluyoruz.<\/p><h2>Kal\u0131c\u0131 oturum ve vatanda\u015fl\u0131k \u015fartlar\u0131 nelerdir, nas\u0131l bir s\u00fcreyi kapsar?<\/h2><p>Kal\u0131c\u0131 oturum i\u00e7in en h\u0131zl\u0131 yol mavi kart. Mavi kart \u00e7al\u0131\u015fma vizesi ile Almanya\u2019ya g\u00f6\u00e7 ettiyseniz, B1 Sertifikas\u0131 al\u0131rsan\u0131z, 21 ayl\u0131k \u00e7al\u0131\u015fma ge\u00e7mi\u015finiz de varsa 21. ay\u0131n sonunda s\u0131n\u0131rs\u0131z oturma iznine ba\u015fvurabiliyorsunuz. B1 sertifikas\u0131 olamayan i\u00e7in de bu s\u00fcre\u00e7 27 aya d\u00fc\u015f\u00fcr\u00fcld\u00fc. Vatanda\u015fl\u0131k i\u00e7in ise daha \u00f6nce belirtti\u011fim gibi C1 Sertifikan\u0131z var ise, baz\u0131 g\u00f6n\u00fcll\u00fc i\u015flerde de \u00e7al\u0131\u015ft\u0131ysan\u0131z, i\u015finizde okulunuzda ba\u015far\u0131l\u0131ysan\u0131z, vatanda\u015fl\u0131k b\u00fcrolar\u0131 daha net inisiyatif kullan\u0131rsa 3 y\u0131lda, hi\u00e7bir \u015fey yapmad\u0131ysan\u0131z da 5 y\u0131l sonra vatanda\u015fl\u0131\u011fa ba\u015fvuru yapabilirsiniz, hem de T\u00fcrk vatanda\u015flar\u0131 i\u00e7in \u00e7ifte vatanda\u015fl\u0131k opsiyonu mevcut.<\/p><h2>Almanya\u2019da \u00e7al\u0131\u015fmak isteyenler telc S\u0131nav\u0131\u2019n\u0131 neden tercih etmektedirler?<\/h2><p>telc S\u0131nav\u0131 hem haz\u0131rl\u0131k a\u015famas\u0131nda sunulan fazlaca kaynak anlam\u0131nda , hem de daha kolay s\u0131nav randevusu alma anlam\u0131nda tercih ediliyor. Ge\u00e7erlili\u011fi zaten inan\u0131lmaz y\u00fcksek. O y\u00fczden telc S\u0131nav\u0131 \u00e7ok\u00e7a tercih edilen bir s\u0131nav. DAS Akademie, telc S\u0131navlar\u0131n\u0131 insanlarla bulu\u015fturma a\u00e7\u0131s\u0131ndan bir numara. Bunu uzun y\u0131llard\u0131r, her zaman dile getirmi\u015fimdir.\u00a0<a href=\"https:\/\/tr.dasakademie.com\/tr\/telc\/\" target=\"_blank\" rel=\"noopener\">telc S\u0131navlar\u0131<\/a>\u00a0i\u00e7in randevu almak, \u00f6ncesinde e\u011fitim almak, s\u0131nava girmek isteyenler, mutlaka DAS Akademie\u2019ye ula\u015fmal\u0131lar. Kendileri i\u00e7in en do\u011fru adres olacakt\u0131r.<\/p><p>Bu g\u00fczel sohbet ve r\u00f6portaj i\u00e7in \u00e7ok \u00e7ok te\u015fekk\u00fcr ediyorum. Herkese Almanya\u2019ya g\u00f6\u00e7 yolunda ve Almanca \u00f6\u011frenme a\u015famalar\u0131nda ba\u015far\u0131lar diliyorum.<\/p><h3>Edukraft&#8217;a ait ileti\u015fim bilgileri:<\/h3><div><b>Web Siteleri :<\/b><\/div><div><a href=\"http:\/\/www.edukraft.de\/\" data-auth=\"NotApplicable\" data-linkindex=\"0\" target=\"_blank\" rel=\"noopener\">http:\/\/www.edukraft.de<\/a><\/div><div><a href=\"http:\/\/www.almanyabasvuru.com\/\" data-auth=\"NotApplicable\" data-linkindex=\"1\" target=\"_blank\" rel=\"noopener\">http:\/\/www.almanyabasvuru.com<\/a><\/div><div><a href=\"https:\/\/shop.edukraft.de\/\" data-auth=\"NotApplicable\" data-linkindex=\"2\" target=\"_blank\" rel=\"noopener\">http:\/\/shop.edukraft.de<\/a><\/div><div>\u00a0<\/div><div>\u00a0<\/div><div><b>Mail adresi : \u00a0<\/b><\/div><div><a href=\"mailto:info@edukraft.de\" target=\"_blank\" rel=\"noopener\">info@edukraft.de<\/a><\/div><div>\u00a0<\/div><div>\u00a0<\/div><div><b>Sosyal Medya Hesaplar\u0131 :<\/b><\/div><div><a href=\"https:\/\/www.instagram.com\/gunalyigit\" data-auth=\"NotApplicable\" data-linkindex=\"3\" target=\"_blank\" rel=\"noopener\">https:\/\/www.instagram.com\/gunalyigit<\/a><\/div><div><a href=\"https:\/\/www.instagram.com\/edukraft.de\" data-auth=\"NotApplicable\" data-linkindex=\"4\" target=\"_blank\" rel=\"noopener\">https:\/\/www.instagram.com\/edukraft.de<\/a><\/div><div><a href=\"https:\/\/www.instagram.com\/almanyabasvuru\" data-auth=\"NotApplicable\" data-linkindex=\"5\" target=\"_blank\" rel=\"noopener\">https:\/\/www.instagram.com\/almanyabasvuru<\/a><\/div><div><a href=\"https:\/\/www.youtube.com\/yigitgunal\" data-auth=\"NotApplicable\" data-linkindex=\"6\" target=\"_blank\" rel=\"noopener\">https:\/\/www.youtube.com\/yigitgunal<\/a><\/div>\t\t\t\t\t\t\t\t<\/div>\n\t\t\t\t<\/div>\n\t\t\t\t\t<\/div>\n\t\t<\/div>\n\t\t\t\t\t<\/div>\n\t\t<\/section>\n\t\t\t\t<section data-particle_enable=\"false\" data-particle-mobile-disabled=\"false\" class=\"elementor-section elementor-top-section elementor-element elementor-element-e7fb0e5 elementor-section-boxed elementor-section-height-default elementor-section-height-default wpr-particle-no wpr-jarallax-no wpr-parallax-no wpr-sticky-section-no\" data-id=\"e7fb0e5\" data-element_type=\"section\" data-e-type=\"section\" data-settings=\"{&quot;background_background&quot;:&quot;classic&quot;}\">\n\t\t\t\t\t\t\t<div class=\"elementor-background-overlay\"><\/div>\n\t\t\t\t\t\t\t<div class=\"elementor-container elementor-column-gap-default\">\n\t\t\t\t\t<div class=\"elementor-column elementor-col-50 elementor-top-column elementor-element elementor-element-45904db\" data-id=\"45904db\" data-element_type=\"column\" data-e-type=\"column\">\n\t\t\t<div class=\"elementor-widget-wrap elementor-element-populated\">\n\t\t\t\t\t\t<div class=\"elementor-element elementor-element-8d5e305 elementor-widget elementor-widget-image\" data-id=\"8d5e305\" data-element_type=\"widget\" data-e-type=\"widget\" data-widget_type=\"image.default\">\n\t\t\t\t<div class=\"elementor-widget-container\">\n\t\t\t\t\t\t\t\t\t\t\t\t\t\t\t<img decoding=\"async\" width=\"300\" height=\"70\" src=\"https:\/\/tr.dasakademie.com\/wp-content\/uploads\/2022\/05\/cropped-das-logo-300x70.png\" class=\"attachment-medium size-medium wp-image-6544\" alt=\"das akademie logo\" srcset=\"https:\/\/tr.dasakademie.com\/wp-content\/uploads\/2022\/05\/cropped-das-logo-300x70.png 300w, https:\/\/tr.dasakademie.com\/wp-content\/uploads\/2022\/05\/cropped-das-logo.png 317w\" sizes=\"(max-width: 300px) 100vw, 300px\" title=\"\">\t\t\t\t\t\t\t\t\t\t\t\t\t\t\t<\/div>\n\t\t\t\t<\/div>\n\t\t\t\t\t<\/div>\n\t\t<\/div>\n\t\t\t\t<div class=\"elementor-column elementor-col-50 elementor-top-column elementor-element elementor-element-41064d1\" data-id=\"41064d1\" data-element_type=\"column\" data-e-type=\"column\">\n\t\t\t<div class=\"elementor-widget-wrap elementor-element-populated\">\n\t\t\t\t\t\t<div class=\"elementor-element elementor-element-8642f89 elementor-widget__width-initial elementor-widget elementor-widget-text-editor\" data-id=\"8642f89\" data-element_type=\"widget\" data-e-type=\"widget\" data-widget_type=\"text-editor.default\">\n\t\t\t\t<div class=\"elementor-widget-container\">\n\t\t\t\t\t\t\t\t\t<p>DAS Akademie, kuruldu\u011fu 1998 y\u0131l\u0131ndan g\u00fcn\u00fcm\u00fcze kadar, Almanca e\u011fitimi oda\u011f\u0131nda b\u00fct\u00fcnle\u015fik \u00e7\u00f6z\u00fcmler sunan bir e\u011fitim, yaz\u0131l\u0131m ve hizmet kurumudur. \u0130zmir, Berlin ve \u0130stanbul merkezlerinde g\u00f6rev alan 50\u2019nin \u00fczerinde \u00e7al\u0131\u015fan\u0131yla, Avrupa Birli\u011fi Dil Standartlar\u0131 do\u011frultusunda y\u00fcz y\u00fcze ve online Almanca e\u011fitimleri vermekte, uluslararas\u0131 ge\u00e7erlili\u011fe sahip telc s\u0131navlar\u0131n\u0131 d\u00fczenlemekte, T\u00fcrkiye\u2019de ve Almanya\u2019da dil kamplar\u0131 organize etmekte, dijital ve bas\u0131l\u0131 yay\u0131nc\u0131l\u0131k faaliyetlerinde bulunmaktad\u0131r.<\/p>\t\t\t\t\t\t\t\t<\/div>\n\t\t\t\t<\/div>\n\t\t\t\t<div class=\"elementor-element elementor-element-6d4d3f5 elementor-align-center elementor-widget elementor-widget-button\" data-id=\"6d4d3f5\" data-element_type=\"widget\" data-e-type=\"widget\" data-widget_type=\"button.default\">\n\t\t\t\t<div class=\"elementor-widget-container\">\n\t\t\t\t\t\t\t\t\t<div class=\"elementor-button-wrapper\">\n\t\t\t\t\t<a class=\"elementor-button elementor-button-link elementor-size-sm\" href=\"http:\/\/tr.dasakademie.com\">\n\t\t\t\t\t\t<span class=\"elementor-button-content-wrapper\">\n\t\t\t\t\t\t\t\t\t<span class=\"elementor-button-text\">DAS AKADEMIE T\u00dcRK\u0130YE KURUMSAL WEB S\u0130TES\u0130NE G\u0130D\u0130N!<\/span>\n\t\t\t\t\t<\/span>\n\t\t\t\t\t<\/a>\n\t\t\t\t<\/div>\n\t\t\t\t\t\t\t\t<\/div>\n\t\t\t\t<\/div>\n\t\t\t\t\t<\/div>\n\t\t<\/div>\n\t\t\t\t\t<\/div>\n\t\t<\/section>\n\t\t\t\t<\/div>\n\t\t","protected":false},"excerpt":{"rendered":"<p>De\u011ferli DAS Zeitung okuyucular\u0131, bu yaz\u0131m\u0131zda, Edukraft firmas\u0131 kurucusu ve Almanya\u2019da \u00e7al\u0131\u015fma, ya\u015fam ve e\u011fitim dan\u0131\u015fmanl\u0131\u011f\u0131 alan\u0131nda say\u0131l\u0131 uzmanlardan olan Sn. Yi\u011fit G\u00fcnal\u2019\u0131 konuk ediyoruz. Ho\u015f geldiniz Yi\u011fit Bey. Yi\u011fit G\u00fcnal: Ho\u015f buldum. \u00d6ncelikle DAS Akademie\u2019ye bu g\u00fczel r\u00f6portaj f\u0131rsat\u0131 i\u00e7in te\u015fekk\u00fcr ediyorum. Uzun y\u0131llard\u0131r idol olarak ald\u0131\u011f\u0131m DAS Akademie\u2019nin kurucusu Nilg\u00fcn Akdo\u011fan\u2019a ayr\u0131ca te\u015fekk\u00fcr ederim. Kendisini uzun zamand\u0131r tan\u0131yorum, takip ediyorum ve \u00f6rnek al\u0131yorum. Ayr\u0131ca Nilg\u00fcn Han\u0131m ile \u00e7al\u0131\u015fan b\u00fct\u00fcn ekibin tamam\u0131 k\u0131ymetli insanlardan olu\u015fur, hepsini \u00e7ok seviyorum. Y\u0131llar \u00f6nce yine b\u00f6yle bir r\u00f6portaj i\u00e7in bir araya gelmi\u015ftik ve \u00e7ok keyif alm\u0131\u015ft\u0131m, \u015fimdi bunu tekrarlamak bizim i\u00e7in de \u00e7ok \u00e7ok g\u00fczel. Sorular\u0131 yan\u0131tlayarak ba\u015flamak isterim. \u015eu an en \u00e7ok duydu\u011fumuz \u00e7al\u0131\u015fan grubu olarak, sa\u011fl\u0131k sekt\u00f6r\u00fcnde yer alan hangi meslek gruplar\u0131 Almanya\u2019ya giderek orada \u00e7al\u0131\u015fmakla daha fazla ilgileniyor? Ba\u015fta a\u011f\u0131rl\u0131kl\u0131 olarak hem\u015fireler ve fizyoterapistler diyebilirim. Tabii ki di\u011fer meslek gruplar\u0131 da var. \u00d6rne\u011fin doktorlar, radyoloji teknikerleri, ebeler, ameliyathane teknikerleri, anestezi teknikerleri, ATT, paramedik gibi mesleklerden \u00e7al\u0131\u015fanlar da Almanya\u2019y\u0131 tercih etmektedir. Sa\u011fl\u0131k sekt\u00f6r\u00fcnde \u00e7al\u0131\u015fanlar i\u00e7in Almanya\u2019n\u0131n sundu\u011fu imkanlar neler? Almanya herkese e\u015fit imkanlar sunmaya \u00e7al\u0131\u015fan sosyal bir devlettir.\u00a0 \u0130htiya\u00e7tan dolay\u0131 \u00f6zellikle sa\u011fl\u0131k sekt\u00f6r\u00fc i\u00e7in bir avantaj sunuluyor: \u00c7ok fazla i\u015f imk\u00e2n\u0131 olmas\u0131\u2026 Sa\u011fl\u0131k sekt\u00f6r\u00fc \u00e7al\u0131\u015fanlar\u0131 \u00e7ok kolay i\u015f bulabiliyorlar. \u00a0Kazan\u00e7 anlam\u0131nda da iyi noktadalar diyebiliriz. Standart bir \u00e7al\u0131\u015fma hayat\u0131 ile ortalama ve ortalama \u00fcst\u00fc bir ya\u015fam m\u00fcmk\u00fcn olmakta. Almanya\u2019da \u00e7al\u0131\u015fman\u0131n en cazip yan\u0131 bu diyebiliriz. Size ne \u00e7ok fakir olma endi\u015fesi ne de b\u00fcy\u00fck zenginlik umutlar\u0131 da\u011f\u0131tan bir yer de\u011fil. Herkesin her \u015feye eri\u015febilmesi hedefleniyor. Bu durum tabii ki sa\u011fl\u0131k sekt\u00f6r\u00fc \u00e7al\u0131\u015fanlar\u0131 i\u00e7in de ge\u00e7erli. Bu da onlar i\u00e7in b\u00fcy\u00fck huzur ve g\u00fcven sa\u011flamaktad\u0131r. Sunulan imkanlar\u0131n en ba\u015f\u0131nda bunlar gelmektedir. Almanya\u2019da \u00e7al\u0131\u015fmak i\u00e7in neler gerekiyor? Dil bilmek, sab\u0131r ve b\u00fcrokrasiyi a\u015fmak\u2026 Bu \u00fc\u00e7 maddeyi s\u0131ralayabilirim. \u00d6ncelikle sa\u011fl\u0131k sekt\u00f6r\u00fc i\u00e7in Almanca bilgisi olmazsa olmazlar aras\u0131nda. T\u00fcrkiye\u2019de iken B1 veya m\u00fcmk\u00fcnse B2 seviyesine ula\u015fmak gerekiyor. Yasal s\u00fcre\u00e7 anlam\u0131nda B1 zorunluluk, B2 ise denklik s\u00fcre\u00e7lerinde gerekiyor. Sab\u0131r \u00e7ok \u00f6nemli \u00e7\u00fcnk\u00fc dili \u00f6\u011frenmek tamamen sab\u0131r i\u015fi, konsolosluktan randevu almak sab\u0131r i\u015fi, sonra vizeyi beklemek de sab\u0131r i\u015fi\u2026 Yeni bir \u00fclkeye uyum sa\u011flamak ve b\u00fct\u00fcn bu b\u00fcrokrasiyi a\u015fmak sab\u0131rla oluyor. Biz burada Edukraft olarak uzun y\u0131llard\u0131r her s\u00fcre\u00e7te hem sa\u011fl\u0131k \u00e7al\u0131\u015fanlar\u0131 i\u00e7in hem di\u011fer meslek gruplar\u0131 i\u00e7in, hem de \u00f6\u011frenciler i\u00e7in destek sa\u011fl\u0131yoruz. Hem Almanya\u2019da hem de T\u00fcrkiye\u2019de ekiplerimiz var. 11 y\u0131ld\u0131r bu i\u015fin i\u00e7indeyiz, \u00e7ok fazla s\u00fcrecin i\u00e7inde yer ald\u0131k. T\u00fcm bu tecr\u00fcbenin \u0131\u015f\u0131\u011f\u0131nda, bilgiyi sadele\u015ftirdi\u011fimizde dil bilmek ve b\u00fcrokrasiyi a\u015fmak \u00f6ne \u00e7\u0131k\u0131yor. Bunlar Almanya\u2019da \u00e7al\u0131\u015fmak i\u00e7in gereken ba\u015fl\u0131ca \u015feylerdir. B\u00fcrokratik i\u015fler, evrak i\u015fleri vs. gibi konular\u0131 anlatmak r\u00f6portaj kapsam\u0131na s\u0131\u011facak konular de\u011fil. Bunlar\u0131n hepsi ile ilgili olarak sitemiz edukraft.de gerekli bilgileri sa\u011flamaktad\u0131r. Ayr\u0131ca kendi Instagram hesab\u0131ma @gunalyigit adresinden ula\u015f\u0131labilirken , Youtube kanal\u0131m\u0131za da Yi\u011fit G\u00fcnal ismiyle eri\u015filebilmektedir. Bu kanallarda s\u00fcrekli bu konularla ilgili i\u00e7erik \u00fcretmekteyiz, bu mecralar\u0131 da takip edebilirsiniz. DAS Zeitung: Almanya\u2019ya \u00e7al\u0131\u015fmaya gidenlerin \u00fclkeye adaptasyonu nas\u0131l sa\u011flan\u0131yor? \u00dclkeye otomatik olarak adapte oluyorsunuz asl\u0131nda. Art\u0131k gitmek isteyen herkes bir \u00f6n ara\u015ft\u0131rma yapma f\u0131rsat\u0131 elde ediyor. Instagram ve Youtube gibi kanallarda \u00e7ok fazla bilgi var. \u0130nsanlar bu sayede bir\u00e7ok \u015feye h\u00e2kim olarak Almanya\u2019ya geliyor. Bir ki\u015fiyi do\u011fru i\u015fe ve do\u011fru \u015fehre y\u00f6nlendirmek, gitti\u011finde de bir s\u00fcre destek olmak \u00f6nemli. Biz Edukraft olarak bunu yapmaya \u00e7al\u0131\u015f\u0131yoruz. Hi\u00e7 kimseye ba\u011flay\u0131c\u0131 s\u00f6zle\u015fmeler yapt\u0131rm\u0131yoruz. B\u00f6ylece zorunlu uyulmas\u0131 gereken k\u0131s\u0131tlamalar olu\u015fmuyor, belli bir s\u00fcre bir yerde \u00e7al\u0131\u015fmak, belli bir maa\u015f kesintisine raz\u0131 olmak gibi\u2026 Almanya\u2019ya gelecek ki\u015filer \u00e7ocuklar\u0131 ve aileleriyle oraya geliyor olabilirler. \u00c7ocuklar\u0131n\u0131n okulu, e\u015flerinin i\u015fleri sebebiyle veya ba\u015fka bir sebeple ya\u015fad\u0131klar\u0131 \u015fehri ve i\u015fi de\u011fi\u015ftirmek isteyebilirler. Zorunluluklar\u0131n ortadan kalkmas\u0131 onlara \u00f6zg\u00fcrl\u00fck veriyor ve b\u00f6ylece adaptasyon s\u00fcreci de h\u0131zlan\u0131yor. Dil bilmek de adaptasyon anlam\u0131nda olduk\u00e7a \u00f6nemli bir fakt\u00f6r. Belli bir seviye dil bilmek i\u015fi kolayla\u015ft\u0131r\u0131yor. \u00d6rne\u011fin yaz\u0131l\u0131mc\u0131lar sadece \u0130ngilizce bilerek gidebiliyor genellikle. Onlar Berlin gibi bir \u015fehirdeyseler \u00e7ok zorluk \u00e7ekmiyor ama ba\u015fka \u015fehirlerde \u00e7e\u015fitli zorluklar olu\u015fabiliyor. S\u00f6z konusu \u00fclke Almanya oldu\u011fu i\u00e7in en yayg\u0131n konu\u015fulan dil de do\u011fal olarak Almanca. Sorular\u0131n\u0131z oldu\u011funda size hemen bir maille cevap verebilecek birilerinin olmas\u0131 \u00e7ok faydal\u0131. Bu \u015fartlar ger\u00e7ekle\u015fti\u011finde sorunsuz bir adaptasyon s\u00fcreci yarat\u0131l\u0131yor. Almanya\u2019da \u00e7al\u0131\u015fman\u0131n avantajlar\u0131 ve cazip y\u00f6nleri nelerdir? Almanya\u2019n\u0131n sosyal bir devlet olmas\u0131 ve ortalama bir \u00e7al\u0131\u015fma hayat\u0131 ile size sunduklar\u0131 oray\u0131 cazip k\u0131l\u0131yor. Almanya D\u00fcnya\u2019da \u00fc\u00e7\u00fcnc\u00fc Avrupa\u2019da ise en iyi ekonomiye sahip \u00fclke\u2026 Avrupa\u2019da s\u0131n\u0131rs\u0131z dola\u015fma hakk\u0131n\u0131n da sa\u011flanmas\u0131 olduk\u00e7a avantajl\u0131. \u00c7ok k\u00fclt\u00fcrl\u00fc bir ortamda deneyim kazanma f\u0131rsat\u0131 da cazip bir y\u00f6n. Yeni \u00e7\u0131kan Alman yasalar\u0131 ile vatanda\u015fl\u0131k ve \u00e7ifte vatanda\u015fl\u0131k alabilme imkanlar\u0131 daha k\u0131sa zamanda ger\u00e7ekle\u015fiyor. T\u00fcrk vatanda\u015fl\u0131\u011f\u0131ndan vazge\u00e7meden 5 y\u0131l i\u00e7erisinde, baz\u0131 \u00f6zel durumlarda 3 y\u0131l i\u00e7erisinde Alman vatanda\u015fl\u0131\u011f\u0131 alabiliyorsunuz ve bu, d\u00fcnyadaki di\u011fer \u00fclkelerle k\u0131yasland\u0131\u011f\u0131nda olduk\u00e7a h\u0131zl\u0131 bir s\u00fcre\u00e7. D\u00fcnyan\u0131n en g\u00fc\u00e7l\u00fc pasaportlar\u0131ndan birine sahip olmak i\u00e7in k\u0131sa bir s\u00fcre. Yine yeni g\u00f6\u00e7 yasalar\u0131yla mavi kart ve benzeri vizeler i\u00e7in b\u00fct\u00fcn meslek gruplar\u0131nda \u00e7ok fazla kolayl\u0131k sa\u011flan\u0131yor. Almanya\u2019da \u00e7al\u0131\u015fman\u0131n cazip y\u00f6nleri aras\u0131nda t\u00fcm bunlar \u00f6ne \u00e7\u0131k\u0131yor diyebiliriz. T\u00fcrkler 60 y\u0131ld\u0131r Almanya\u2019da yo\u011fun olarak ya\u015f\u0131yor ve k\u00fclt\u00fcrel olarak bir yak\u0131nl\u0131k s\u00f6z konusu. Bu durum da T\u00fcrklerin adaptasyonunu h\u0131zland\u0131r\u0131yor. \u015eu an akl\u0131ma gelmeyen say\u0131s\u0131z avantaj var, bu nedenle de Almanya\u2019ya \u00e7ok fazla da talep var. \u0130lk g\u00f6\u00e7 eden nesil \u00e7ok s\u0131k\u0131nt\u0131lar \u00e7ekti, oras\u0131 gurbet olarak g\u00f6r\u00fcl\u00fcrd\u00fc. Fakat \u015fimdi art\u0131k her \u015fey \u00e7ok daha kolay. \u00dclkemize gidip gelmemiz, g\u00f6r\u00fcnt\u00fcl\u00fc telefonlar ile ileti\u015fim kurmam\u0131z art\u0131k daha kolay hale geldi. Almanya\u2019da ya\u015fam, k\u00fclt\u00fcrel ve sosyal olarak nas\u0131ld\u0131r? T\u00fcrkiye\u2019de al\u0131\u015f\u0131k oldu\u011fumuzun biraz d\u0131\u015f\u0131nda diyebiliriz. Almanya i\u00e7in T\u00fcrkiye kadar c\u0131v\u0131l c\u0131v\u0131l olmad\u0131\u011f\u0131, sokaklar \u00e7ok sakin, pazarlar\u0131 k\u00f6t\u00fc ge\u00e7iyor, T\u00fcrkiye gibi canl\u0131 de\u011fil gibi ele\u015ftiriler yap\u0131l\u0131yor.\u00a0 Bu ele\u015ftiriler ger\u00e7ek fakat Almanya T\u00fcrkiye gibi bir yer de\u011fil. Oraya farkl\u0131 bir yer olarak bakmak, \u00f6yle de\u011ferlendirmek gerek. \u00d6rnek olarak bizi ele al\u0131rsak Almanya\u2019da hi\u00e7 s\u0131k\u0131lm\u0131yoruz, \u00e7\u00fcnk\u00fc \u00e7ok \u00e7al\u0131\u015f\u0131yoruz, bo\u015f vaktimiz az oluyor ve hem yabanc\u0131 hem T\u00fcrk arkada\u015flar\u0131m\u0131z var, aktivitelere f\u0131rsat bulduk\u00e7a kat\u0131l\u0131yoruz. Bizim s\u0131k\u0131lma gibi bir vaktimiz olmuyor. Pazar g\u00fcnleri AVM\u2019ye gidemiyoruz ama zaten orada b\u00f6yle bir k\u00fclt\u00fcr yok. Bunun yerine biz de Pazar g\u00fcnleri ormanda y\u00fcr\u00fcy\u00fc\u015f yap\u0131yoruz. \u00c7ok canl\u0131 bir yerde vakit ge\u00e7irmek istersek, a\u00e7\u0131k yerler var ve oralar\u0131 tercih ediyoruz.\u00a0 Hollanda \u00e7ok yak\u0131n, diledi\u011fimizde oraya ge\u00e7iyoruz. Ya\u015fam tabii ki k\u00fclt\u00fcrel ve sosyal olarak T\u00fcrkiye\u2019den farkl\u0131, bunu kabul edersek T\u00fcrkiye\u2019deki imkanlar\u0131n ayn\u0131n\u0131 beklemezsek, plan yaparak hayat\u0131m\u0131z\u0131 biraz daha canl\u0131 hale getirebilirsek, oran\u0131n<\/p>\n","protected":false},"author":5,"featured_media":29554,"comment_status":"closed","ping_status":"open","sticky":false,"template":"","format":"standard","meta":{"ocean_post_layout":"","ocean_both_sidebars_style":"","ocean_both_sidebars_content_width":0,"ocean_both_sidebars_sidebars_width":0,"ocean_sidebar":"0","ocean_second_sidebar":"0","ocean_disable_margins":"enable","ocean_add_body_class":"","ocean_shortcode_before_top_bar":"","ocean_shortcode_after_top_bar":"","ocean_shortcode_before_header":"","ocean_shortcode_after_header":"","ocean_has_shortcode":"","ocean_shortcode_after_title":"","ocean_shortcode_before_footer_widgets":"","ocean_shortcode_after_footer_widgets":"","ocean_shortcode_before_footer_bottom":"","ocean_shortcode_after_footer_bottom":"","ocean_display_top_bar":"default","ocean_display_header":"default","ocean_header_style":"","ocean_center_header_left_menu":"0","ocean_custom_header_template":"0","ocean_custom_logo":0,"ocean_custom_retina_logo":0,"ocean_custom_logo_max_width":0,"ocean_custom_logo_tablet_max_width":0,"ocean_custom_logo_mobile_max_width":0,"ocean_custom_logo_max_height":0,"ocean_custom_logo_tablet_max_height":0,"ocean_custom_logo_mobile_max_height":0,"ocean_header_custom_menu":"0","ocean_menu_typo_font_family":"0","ocean_menu_typo_font_subset":"","ocean_menu_typo_font_size":0,"ocean_menu_typo_font_size_tablet":0,"ocean_menu_typo_font_size_mobile":0,"ocean_menu_typo_font_size_unit":"px","ocean_menu_typo_font_weight":"","ocean_menu_typo_font_weight_tablet":"","ocean_menu_typo_font_weight_mobile":"","ocean_menu_typo_transform":"","ocean_menu_typo_transform_tablet":"","ocean_menu_typo_transform_mobile":"","ocean_menu_typo_line_height":0,"ocean_menu_typo_line_height_tablet":0,"ocean_menu_typo_line_height_mobile":0,"ocean_menu_typo_line_height_unit":"","ocean_menu_typo_spacing":0,"ocean_menu_typo_spacing_tablet":0,"ocean_menu_typo_spacing_mobile":0,"ocean_menu_typo_spacing_unit":"","ocean_menu_link_color":"","ocean_menu_link_color_hover":"","ocean_menu_link_color_active":"","ocean_menu_link_background":"","ocean_menu_link_hover_background":"","ocean_menu_link_active_background":"","ocean_menu_social_links_bg":"","ocean_menu_social_hover_links_bg":"","ocean_menu_social_links_color":"","ocean_menu_social_hover_links_color":"","ocean_disable_title":"default","ocean_disable_heading":"default","ocean_post_title":"","ocean_post_subheading":"","ocean_post_title_style":"","ocean_post_title_background_color":"","ocean_post_title_background":0,"ocean_post_title_bg_image_position":"","ocean_post_title_bg_image_attachment":"","ocean_post_title_bg_image_repeat":"","ocean_post_title_bg_image_size":"","ocean_post_title_height":0,"ocean_post_title_bg_overlay":0.5,"ocean_post_title_bg_overlay_color":"","ocean_disable_breadcrumbs":"off","ocean_breadcrumbs_color":"","ocean_breadcrumbs_separator_color":"","ocean_breadcrumbs_links_color":"","ocean_breadcrumbs_links_hover_color":"","ocean_display_footer_widgets":"off","ocean_display_footer_bottom":"off","ocean_custom_footer_template":"0","ocean_post_oembed":"","ocean_post_self_hosted_media":"","ocean_post_video_embed":"","ocean_link_format":"","ocean_link_format_target":"self","ocean_quote_format":"","ocean_quote_format_link":"post","ocean_gallery_link_images":"on","ocean_gallery_id":[],"footnotes":""},"categories":[339],"tags":[233,232,357,360,52],"class_list":["post-29498","post","type-post","status-publish","format-standard","has-post-thumbnail","hentry","category-almanya-hakkinda","tag-almanca","tag-almanya","tag-almanya-da-universite","tag-almanyada-calismak","tag-das-akademie","entry","has-media"],"_links":{"self":[{"href":"https:\/\/tr.dasakademie.com\/tr\/wp-json\/wp\/v2\/posts\/29498","targetHints":{"allow":["GET"]}}],"collection":[{"href":"https:\/\/tr.dasakademie.com\/tr\/wp-json\/wp\/v2\/posts"}],"about":[{"href":"https:\/\/tr.dasakademie.com\/tr\/wp-json\/wp\/v2\/types\/post"}],"author":[{"embeddable":true,"href":"https:\/\/tr.dasakademie.com\/tr\/wp-json\/wp\/v2\/users\/5"}],"replies":[{"embeddable":true,"href":"https:\/\/tr.dasakademie.com\/tr\/wp-json\/wp\/v2\/comments?post=29498"}],"version-history":[{"count":3,"href":"https:\/\/tr.dasakademie.com\/tr\/wp-json\/wp\/v2\/posts\/29498\/revisions"}],"predecessor-version":[{"id":31618,"href":"https:\/\/tr.dasakademie.com\/tr\/wp-json\/wp\/v2\/posts\/29498\/revisions\/31618"}],"wp:featuredmedia":[{"embeddable":true,"href":"https:\/\/tr.dasakademie.com\/tr\/wp-json\/wp\/v2\/media\/29554"}],"wp:attachment":[{"href":"https:\/\/tr.dasakademie.com\/tr\/wp-json\/wp\/v2\/media?parent=29498"}],"wp:term":[{"taxonomy":"category","embeddable":true,"href":"https:\/\/tr.dasakademie.com\/tr\/wp-json\/wp\/v2\/categories?post=29498"},{"taxonomy":"post_tag","embeddable":true,"href":"https:\/\/tr.dasakademie.com\/tr\/wp-json\/wp\/v2\/tags?post=29498"}],"curies":[{"name":"wp","href":"https:\/\/api.w.org\/{rel}","templated":true}]}}