{"id":29407,"date":"2024-06-02T14:55:45","date_gmt":"2024-06-02T11:55:45","guid":{"rendered":"https:\/\/tr.dasakademie.com\/?p=29407"},"modified":"2025-11-09T16:07:10","modified_gmt":"2025-11-09T13:07:10","slug":"neden-almanca-ogrenmeliyim","status":"publish","type":"post","link":"https:\/\/tr.dasakademie.com\/tr\/neden-almanca-ogrenmeliyim\/","title":{"rendered":"Neden Almanca \u00f6\u011frenmeliyim ?"},"content":{"rendered":"\t\t<div data-elementor-type=\"wp-post\" data-elementor-id=\"29407\" class=\"elementor elementor-29407\" data-elementor-post-type=\"post\">\n\t\t\t\t\t\t<section data-particle_enable=\"false\" data-particle-mobile-disabled=\"false\" class=\"elementor-section elementor-top-section elementor-element elementor-element-6bb5881b elementor-section-boxed elementor-section-height-default elementor-section-height-default wpr-particle-no wpr-jarallax-no wpr-parallax-no wpr-sticky-section-no\" data-id=\"6bb5881b\" data-element_type=\"section\" data-e-type=\"section\">\n\t\t\t\t\t\t<div class=\"elementor-container elementor-column-gap-default\">\n\t\t\t\t\t<div class=\"elementor-column elementor-col-100 elementor-top-column elementor-element elementor-element-2fe2e19\" data-id=\"2fe2e19\" data-element_type=\"column\" data-e-type=\"column\">\n\t\t\t<div class=\"elementor-widget-wrap elementor-element-populated\">\n\t\t\t\t\t\t<div class=\"elementor-element elementor-element-1838eb85 elementor-widget elementor-widget-text-editor\" data-id=\"1838eb85\" data-element_type=\"widget\" data-e-type=\"widget\" data-widget_type=\"text-editor.default\">\n\t\t\t\t<div class=\"elementor-widget-container\">\n\t\t\t\t\t\t\t\t\t<p style=\"text-align: justify;\">&#8220;Neden Almanca \u00f6\u011frenmeliyim ?&#8221; sorusuna cevaben, Almanca \u00f6\u011frenmek i\u00e7in bir\u00e7ok sebep say\u0131labilir ama bu sebeplerin ba\u015f\u0131nda 100 milyonun \u00fczerinde ki\u015finin anadilinin Almanca olmas\u0131n\u0131 g\u00f6sterebiliriz.\u00a0Almanca, Avusturya, Almanya, L\u00fcksemburg, Liechtenstein ve Bel\u00e7ika&#8217; n\u0131n baz\u0131 yerleri, Kuzey \u0130talya ve Do\u011fu Fransa&#8217; da 100 milyondan \u00e7ok insan taraf\u0131ndan konu\u015fuluyor.<\/p>\n<p style=\"text-align: justify;\">Avrupa Birli\u011fi\u2019 nde en \u00e7ok konu\u015fulan dil Almanca olarak bilinir. Bununla birlikte Almanca, d\u00fcnya \u00fczerinde en \u00e7ok konu\u015fulan ilk 10 dil aras\u0131nda yer almaktad\u0131r. Herhangi bir Avrupa Birli\u011fi \u00fclkesini\u00a0ziyaret etti\u011finiz zaman, kendinizi ifade etmeye yarayacak kadar Almanca bilginizin olmas\u0131 bile size\u00a0b\u00fcy\u00fck bir kolayl\u0131k sa\u011flayacakt\u0131r. \u0130ngilizcenin kullan\u0131lmad\u0131\u011f\u0131 yerlerde ise en b\u00fcy\u00fck yard\u0131m\u0131 Almanca\u00a0dilinden alacaks\u0131n\u0131z. Yeri gelmi\u015fken hemen s\u00f6yleyelim, her Alman \u0130ngilizce bilir \u015feklindeki s\u00f6ylenti \u00a0de do\u011fru de\u011fildir.<\/p>\n<p style=\"text-align: justify;\">Bilimsel \u00e7al\u0131\u015fmalarda Alman bilim adamlar\u0131n\u0131n bilim d\u00fcnyas\u0131na katt\u0131klar\u0131 bir\u00e7ok\u00a0\u00e7al\u0131\u015fma vard\u0131r. Yap\u0131lan bu \u00e7al\u0131\u015fmalar da kendi dillerinde yaz\u0131ld\u0131klar\u0131 i\u00e7in ortaya bir\u00e7ok Almanca makale\u00a0\u00e7\u0131km\u0131\u015ft\u0131r. Say\u0131sal olarak incelendi\u011finde Almanca olarak haz\u0131rlanan bilimsel makale say\u0131s\u0131 konusunda\u00a0d\u00fcnyada \u0130ngilizce&#8217; den sonra ikinci s\u0131rada yer almaktad\u0131r. Bilimsel makalelerde oldu\u011fu gibi edebiyat konusunda da ayn\u0131\u00a0istikrar devam etmektedir. Almanca olarak haz\u0131rlanan yay\u0131nlar say\u0131lar\u0131 bak\u0131m\u0131ndan d\u00fcnyada \u00fc\u00e7\u00fcnc\u00fc s\u0131rada yer almaktad\u0131r.<\/p>\n<p style=\"text-align: justify;\">D\u00fcnyaca \u00fcnl\u00fc mucitlerin, yazarlar\u0131n, psikologlar\u0131n, filozoflar\u0131n ve ara\u015ft\u0131rmac\u0131lar\u0131n yan\u0131nda sanat\u00e7\u0131lar\u0131n dili de Almancad\u0131r. D\u00fcnyada adlar\u0131 klasik m\u00fczik ile e\u015fle\u015fen d\u00fcnyaca \u00fcnl\u00fc Mozart, Bach, Beethoven, Strauss ve Wagner Almanca konu\u015fulan \u00fclkelerin bestecileridir. Viyana d\u00fcnyan\u0131n klasik m\u00fczik merkezidir. M\u00fczi\u011fe giden yol da Almanca&#8217; dan ge\u00e7mektedir.<\/p>\n<p style=\"text-align: justify;\">Almanya, T\u00fcrkiye&#8217; nin en b\u00fcy\u00fck ticaret partneridir ve bununla birlikte Almanya\u2019 da bir\u00e7ok T\u00fcrk de ya\u015fam\u0131n\u0131 s\u00fcrd\u00fcrmektedir. \u0130\u015f ili\u015fkileri sebebi ile Almanya ve T\u00fcrkiye\u2019 nin\u00a0yak\u0131nl\u0131\u011f\u0131 da bilinmektedir. T\u00fcrkiye i\u00e7erisinde s\u00f6z sahibi olan ve say\u0131lar\u0131 binlerle ifade edilen bir \u00e7ok\u00a0Alman firmas\u0131 vard\u0131r. Ayn\u0131 zamanda Almanya, d\u00fcnyan\u0131n 2. en b\u00fcy\u00fck ihracat\u00e7\u0131s\u0131 konumundad\u0131r. Alman ekonomisi Avrupa Birli\u011fi&#8217; nin en b\u00fcy\u00fck ekonomisi iken, d\u00fcnyan\u0131n da 4. b\u00fcy\u00fck ekonomisidir.<\/p>\n<p style=\"text-align: justify;\">Ki\u015fi ba\u015f\u0131na turizm harcamas\u0131nda lider olan Almanlar, T\u00fcrkiye&#8217; ye gelen yabanc\u0131 turistlerin de en b\u00fcy\u00fck k\u0131sm\u0131n\u0131 olu\u015fturmaktad\u0131rlar. Bu durum dahi &#8220;Neden Almanca \u00f6\u011frenmeliyim ?&#8221; sorusuna tek ba\u015f\u0131na cevap olabilecek niteliktedir. Zira, T\u00fcrk turizm sekt\u00f6r\u00fc \u00fclke i\u00e7in \u00e7ok b\u00fcy\u00fck \u00f6nem arz etmekte olup, milyonlarca ki\u015fi ge\u00e7imini turizmden sa\u011flamaktad\u0131r.<\/p>\n<p style=\"text-align: justify;\">Almanya, yabanc\u0131 \u00f6\u011frenciler i\u00e7in \u00e7ok cazip y\u00fcksek \u00f6\u011frenim imkanlar\u0131 sunmaktad\u0131r ve tabii ki Almanya&#8217; da y\u00fcksek \u00f6\u011frenimin yolu da Almanca&#8217; dan ge\u00e7mektedir. \u00d6zellikle teknik bran\u015flarda Almanya&#8217; n\u0131n \u00fcst\u00fcnl\u00fc\u011f\u00fc tart\u0131\u015fma g\u00f6t\u00fcrmemekte ve her y\u0131l binlerce m\u00fchendislik \u00f6\u011frencisi e\u011fitimlerine Almanya&#8217; da devam etmektedirler.<\/p>\n<p style=\"text-align: justify;\">Almanya\u00a0odakl\u0131 faaliyet g\u00f6steren firmalarda \u00e7al\u0131\u015facak ki\u015filerde Almanca biliyor olma \u015fart\u0131 aranmaktad\u0131r. Sadece Alman\u00a0k\u00f6kenli firmalarda de\u011fil, T\u00fcrkiye\u2019 deki di\u011fer i\u015f imkanlar\u0131nda da i\u015fe al\u0131nacak ki\u015filerin Almanca bilmesi\u00a0her zaman avantaj olmaktad\u0131r.<\/p>\n<p style=\"text-align: justify;\">Genel yarg\u0131n\u0131n aksine Almanca \u00f6\u011frenmesi zor bir dil de\u011fildir.\u00a0Profesyonel yard\u0131m alarak, belirli bir disiplin alt\u0131nda\u00a0pek de uzun olmayan\u00a0bir s\u00fcrede iyi bir Almanca&#8217; ya sahip olunmas\u0131 pekala m\u00fcmk\u00fcnd\u00fcr.<\/p>\t\t\t\t\t\t\t\t<\/div>\n\t\t\t\t<\/div>\n\t\t\t\t\t<\/div>\n\t\t<\/div>\n\t\t\t\t\t<\/div>\n\t\t<\/section>\n\t\t\t\t<\/div>\n\t\t","protected":false},"excerpt":{"rendered":"<p>&#8220;Neden Almanca \u00f6\u011frenmeliyim ?&#8221; sorusuna cevaben, Almanca \u00f6\u011frenmek i\u00e7in bir\u00e7ok sebep say\u0131labilir ama bu sebeplerin ba\u015f\u0131nda 100 milyonun \u00fczerinde ki\u015finin anadilinin Almanca olmas\u0131n\u0131 g\u00f6sterebiliriz.\u00a0Almanca, Avusturya, Almanya, L\u00fcksemburg, Liechtenstein ve Bel\u00e7ika&#8217; n\u0131n baz\u0131 yerleri, Kuzey \u0130talya ve Do\u011fu Fransa&#8217; da 100 milyondan \u00e7ok insan taraf\u0131ndan konu\u015fuluyor. Avrupa Birli\u011fi\u2019 nde en \u00e7ok konu\u015fulan dil Almanca olarak bilinir. Bununla birlikte Almanca, d\u00fcnya \u00fczerinde en \u00e7ok konu\u015fulan ilk 10 dil aras\u0131nda yer almaktad\u0131r. Herhangi bir Avrupa Birli\u011fi \u00fclkesini\u00a0ziyaret etti\u011finiz zaman, kendinizi ifade etmeye yarayacak kadar Almanca bilginizin olmas\u0131 bile size\u00a0b\u00fcy\u00fck bir kolayl\u0131k sa\u011flayacakt\u0131r. \u0130ngilizcenin kullan\u0131lmad\u0131\u011f\u0131 yerlerde ise en b\u00fcy\u00fck yard\u0131m\u0131 Almanca\u00a0dilinden alacaks\u0131n\u0131z. Yeri gelmi\u015fken hemen s\u00f6yleyelim, her Alman \u0130ngilizce bilir \u015feklindeki s\u00f6ylenti \u00a0de do\u011fru de\u011fildir. Bilimsel \u00e7al\u0131\u015fmalarda Alman bilim adamlar\u0131n\u0131n bilim d\u00fcnyas\u0131na katt\u0131klar\u0131 bir\u00e7ok\u00a0\u00e7al\u0131\u015fma vard\u0131r. Yap\u0131lan bu \u00e7al\u0131\u015fmalar da kendi dillerinde yaz\u0131ld\u0131klar\u0131 i\u00e7in ortaya bir\u00e7ok Almanca makale\u00a0\u00e7\u0131km\u0131\u015ft\u0131r. Say\u0131sal olarak incelendi\u011finde Almanca olarak haz\u0131rlanan bilimsel makale say\u0131s\u0131 konusunda\u00a0d\u00fcnyada \u0130ngilizce&#8217; den sonra ikinci s\u0131rada yer almaktad\u0131r. Bilimsel makalelerde oldu\u011fu gibi edebiyat konusunda da ayn\u0131\u00a0istikrar devam etmektedir. Almanca olarak haz\u0131rlanan yay\u0131nlar say\u0131lar\u0131 bak\u0131m\u0131ndan d\u00fcnyada \u00fc\u00e7\u00fcnc\u00fc s\u0131rada yer almaktad\u0131r. D\u00fcnyaca \u00fcnl\u00fc mucitlerin, yazarlar\u0131n, psikologlar\u0131n, filozoflar\u0131n ve ara\u015ft\u0131rmac\u0131lar\u0131n yan\u0131nda sanat\u00e7\u0131lar\u0131n dili de Almancad\u0131r. D\u00fcnyada adlar\u0131 klasik m\u00fczik ile e\u015fle\u015fen d\u00fcnyaca \u00fcnl\u00fc Mozart, Bach, Beethoven, Strauss ve Wagner Almanca konu\u015fulan \u00fclkelerin bestecileridir. Viyana d\u00fcnyan\u0131n klasik m\u00fczik merkezidir. M\u00fczi\u011fe giden yol da Almanca&#8217; dan ge\u00e7mektedir. Almanya, T\u00fcrkiye&#8217; nin en b\u00fcy\u00fck ticaret partneridir ve bununla birlikte Almanya\u2019 da bir\u00e7ok T\u00fcrk de ya\u015fam\u0131n\u0131 s\u00fcrd\u00fcrmektedir. \u0130\u015f ili\u015fkileri sebebi ile Almanya ve T\u00fcrkiye\u2019 nin\u00a0yak\u0131nl\u0131\u011f\u0131 da bilinmektedir. T\u00fcrkiye i\u00e7erisinde s\u00f6z sahibi olan ve say\u0131lar\u0131 binlerle ifade edilen bir \u00e7ok\u00a0Alman firmas\u0131 vard\u0131r. Ayn\u0131 zamanda Almanya, d\u00fcnyan\u0131n 2. en b\u00fcy\u00fck ihracat\u00e7\u0131s\u0131 konumundad\u0131r. Alman ekonomisi Avrupa Birli\u011fi&#8217; nin en b\u00fcy\u00fck ekonomisi iken, d\u00fcnyan\u0131n da 4. b\u00fcy\u00fck ekonomisidir. Ki\u015fi ba\u015f\u0131na turizm harcamas\u0131nda lider olan Almanlar, T\u00fcrkiye&#8217; ye gelen yabanc\u0131 turistlerin de en b\u00fcy\u00fck k\u0131sm\u0131n\u0131 olu\u015fturmaktad\u0131rlar. Bu durum dahi &#8220;Neden Almanca \u00f6\u011frenmeliyim ?&#8221; sorusuna tek ba\u015f\u0131na cevap olabilecek niteliktedir. Zira, T\u00fcrk turizm sekt\u00f6r\u00fc \u00fclke i\u00e7in \u00e7ok b\u00fcy\u00fck \u00f6nem arz etmekte olup, milyonlarca ki\u015fi ge\u00e7imini turizmden sa\u011flamaktad\u0131r. Almanya, yabanc\u0131 \u00f6\u011frenciler i\u00e7in \u00e7ok cazip y\u00fcksek \u00f6\u011frenim imkanlar\u0131 sunmaktad\u0131r ve tabii ki Almanya&#8217; da y\u00fcksek \u00f6\u011frenimin yolu da Almanca&#8217; dan ge\u00e7mektedir. \u00d6zellikle teknik bran\u015flarda Almanya&#8217; n\u0131n \u00fcst\u00fcnl\u00fc\u011f\u00fc tart\u0131\u015fma g\u00f6t\u00fcrmemekte ve her y\u0131l binlerce m\u00fchendislik \u00f6\u011frencisi e\u011fitimlerine Almanya&#8217; da devam etmektedirler. Almanya\u00a0odakl\u0131 faaliyet g\u00f6steren firmalarda \u00e7al\u0131\u015facak ki\u015filerde Almanca biliyor olma \u015fart\u0131 aranmaktad\u0131r. Sadece Alman\u00a0k\u00f6kenli firmalarda de\u011fil, T\u00fcrkiye\u2019 deki di\u011fer i\u015f imkanlar\u0131nda da i\u015fe al\u0131nacak ki\u015filerin Almanca bilmesi\u00a0her zaman avantaj olmaktad\u0131r. Genel yarg\u0131n\u0131n aksine Almanca \u00f6\u011frenmesi zor bir dil de\u011fildir.\u00a0Profesyonel yard\u0131m alarak, belirli bir disiplin alt\u0131nda\u00a0pek de uzun olmayan\u00a0bir s\u00fcrede iyi bir Almanca&#8217; ya sahip olunmas\u0131 pekala m\u00fcmk\u00fcnd\u00fcr.<\/p>\n","protected":false},"author":5,"featured_media":29408,"comment_status":"closed","ping_status":"open","sticky":false,"template":"","format":"standard","meta":{"ocean_post_layout":"","ocean_both_sidebars_style":"","ocean_both_sidebars_content_width":0,"ocean_both_sidebars_sidebars_width":0,"ocean_sidebar":"0","ocean_second_sidebar":"0","ocean_disable_margins":"enable","ocean_add_body_class":"","ocean_shortcode_before_top_bar":"","ocean_shortcode_after_top_bar":"","ocean_shortcode_before_header":"","ocean_shortcode_after_header":"","ocean_has_shortcode":"","ocean_shortcode_after_title":"","ocean_shortcode_before_footer_widgets":"","ocean_shortcode_after_footer_widgets":"","ocean_shortcode_before_footer_bottom":"","ocean_shortcode_after_footer_bottom":"","ocean_display_top_bar":"default","ocean_display_header":"default","ocean_header_style":"","ocean_center_header_left_menu":"0","ocean_custom_header_template":"0","ocean_custom_logo":0,"ocean_custom_retina_logo":0,"ocean_custom_logo_max_width":0,"ocean_custom_logo_tablet_max_width":0,"ocean_custom_logo_mobile_max_width":0,"ocean_custom_logo_max_height":0,"ocean_custom_logo_tablet_max_height":0,"ocean_custom_logo_mobile_max_height":0,"ocean_header_custom_menu":"0","ocean_menu_typo_font_family":"0","ocean_menu_typo_font_subset":"","ocean_menu_typo_font_size":0,"ocean_menu_typo_font_size_tablet":0,"ocean_menu_typo_font_size_mobile":0,"ocean_menu_typo_font_size_unit":"px","ocean_menu_typo_font_weight":"","ocean_menu_typo_font_weight_tablet":"","ocean_menu_typo_font_weight_mobile":"","ocean_menu_typo_transform":"","ocean_menu_typo_transform_tablet":"","ocean_menu_typo_transform_mobile":"","ocean_menu_typo_line_height":0,"ocean_menu_typo_line_height_tablet":0,"ocean_menu_typo_line_height_mobile":0,"ocean_menu_typo_line_height_unit":"","ocean_menu_typo_spacing":0,"ocean_menu_typo_spacing_tablet":0,"ocean_menu_typo_spacing_mobile":0,"ocean_menu_typo_spacing_unit":"","ocean_menu_link_color":"","ocean_menu_link_color_hover":"","ocean_menu_link_color_active":"","ocean_menu_link_background":"","ocean_menu_link_hover_background":"","ocean_menu_link_active_background":"","ocean_menu_social_links_bg":"","ocean_menu_social_hover_links_bg":"","ocean_menu_social_links_color":"","ocean_menu_social_hover_links_color":"","ocean_disable_title":"default","ocean_disable_heading":"default","ocean_post_title":"","ocean_post_subheading":"","ocean_post_title_style":"","ocean_post_title_background_color":"","ocean_post_title_background":0,"ocean_post_title_bg_image_position":"","ocean_post_title_bg_image_attachment":"","ocean_post_title_bg_image_repeat":"","ocean_post_title_bg_image_size":"","ocean_post_title_height":0,"ocean_post_title_bg_overlay":0.5,"ocean_post_title_bg_overlay_color":"","ocean_disable_breadcrumbs":"off","ocean_breadcrumbs_color":"","ocean_breadcrumbs_separator_color":"","ocean_breadcrumbs_links_color":"","ocean_breadcrumbs_links_hover_color":"","ocean_display_footer_widgets":"off","ocean_display_footer_bottom":"off","ocean_custom_footer_template":"0","ocean_post_oembed":"","ocean_post_self_hosted_media":"","ocean_post_video_embed":"","ocean_link_format":"","ocean_link_format_target":"self","ocean_quote_format":"","ocean_quote_format_link":"post","ocean_gallery_link_images":"on","ocean_gallery_id":[],"footnotes":""},"categories":[336],"tags":[233,346,52,348,345],"class_list":["post-29407","post","type-post","status-publish","format-standard","has-post-thumbnail","hentry","category-almanca-ogrenmek","tag-almanca","tag-almanca-ogrenmek","tag-das-akademie","tag-neden-almanca","tag-yabanci-dil","entry","has-media"],"_links":{"self":[{"href":"https:\/\/tr.dasakademie.com\/tr\/wp-json\/wp\/v2\/posts\/29407","targetHints":{"allow":["GET"]}}],"collection":[{"href":"https:\/\/tr.dasakademie.com\/tr\/wp-json\/wp\/v2\/posts"}],"about":[{"href":"https:\/\/tr.dasakademie.com\/tr\/wp-json\/wp\/v2\/types\/post"}],"author":[{"embeddable":true,"href":"https:\/\/tr.dasakademie.com\/tr\/wp-json\/wp\/v2\/users\/5"}],"replies":[{"embeddable":true,"href":"https:\/\/tr.dasakademie.com\/tr\/wp-json\/wp\/v2\/comments?post=29407"}],"version-history":[{"count":3,"href":"https:\/\/tr.dasakademie.com\/tr\/wp-json\/wp\/v2\/posts\/29407\/revisions"}],"predecessor-version":[{"id":31299,"href":"https:\/\/tr.dasakademie.com\/tr\/wp-json\/wp\/v2\/posts\/29407\/revisions\/31299"}],"wp:featuredmedia":[{"embeddable":true,"href":"https:\/\/tr.dasakademie.com\/tr\/wp-json\/wp\/v2\/media\/29408"}],"wp:attachment":[{"href":"https:\/\/tr.dasakademie.com\/tr\/wp-json\/wp\/v2\/media?parent=29407"}],"wp:term":[{"taxonomy":"category","embeddable":true,"href":"https:\/\/tr.dasakademie.com\/tr\/wp-json\/wp\/v2\/categories?post=29407"},{"taxonomy":"post_tag","embeddable":true,"href":"https:\/\/tr.dasakademie.com\/tr\/wp-json\/wp\/v2\/tags?post=29407"}],"curies":[{"name":"wp","href":"https:\/\/api.w.org\/{rel}","templated":true}]}}