{"id":336,"count":17,"description":"Almanca \u00f6\u011frenmek \u00fczerine DAS Akademie uzmanlar\u0131 taraf\u0131ndan yaz\u0131lan DAS ZEITUNG yaz\u0131lar\u0131.","link":"https:\/\/tr.dasakademie.com\/tr\/category\/almanca-ogrenmek\/","name":"Almanca \u00d6\u011frenmek","slug":"almanca-ogrenmek","taxonomy":"category","parent":0,"meta":[],"_links":{"self":[{"href":"https:\/\/tr.dasakademie.com\/tr\/wp-json\/wp\/v2\/categories\/336","targetHints":{"allow":["GET"]}}],"collection":[{"href":"https:\/\/tr.dasakademie.com\/tr\/wp-json\/wp\/v2\/categories"}],"about":[{"href":"https:\/\/tr.dasakademie.com\/tr\/wp-json\/wp\/v2\/taxonomies\/category"}],"wp:post_type":[{"href":"https:\/\/tr.dasakademie.com\/tr\/wp-json\/wp\/v2\/posts?categories=336"}],"curies":[{"name":"wp","href":"https:\/\/api.w.org\/{rel}","templated":true}]}}